{"id":584,"date":"2022-02-27T18:47:24","date_gmt":"2022-02-27T18:47:24","guid":{"rendered":"http:\/\/permanentnaformacia.sk\/?p=584"},"modified":"2022-02-27T18:47:25","modified_gmt":"2022-02-27T18:47:25","slug":"greckokatolicka-cirkev-na-slovensku-1968-2008","status":"publish","type":"post","link":"http:\/\/permanentnaformacia.sk\/index.php\/2022\/02\/27\/greckokatolicka-cirkev-na-slovensku-1968-2008\/","title":{"rendered":"GR\u00c9CKOKATOL\u00cdCKA CIRKEV NA SLOVENSKU 1968 \u2013 2008"},"content":{"rendered":"\n<div class=\"wp-block-image\"><figure class=\"alignright size-full\"><img loading=\"lazy\" decoding=\"async\" width=\"100\" height=\"99\" src=\"http:\/\/permanentnaformacia.sk\/wp-content\/uploads\/2021\/10\/LOGO_GTF_2021-kopia-1.jpg\" alt=\"\" class=\"wp-image-101\"\/><\/figure><\/div>\n\n\n\n<p><br><strong>PERMANETN\u00c1 FORM\u00c1CIA ABSOLVENTOV TEOLOGICK\u00ddCH FAK\u00daLT&nbsp;<\/strong><br>Mons. prof. ThDr. Peter \u0160tur\u00e1k, PhD.&nbsp;<\/p>\n\n\n\n<p><strong>T\u00c9MA V: <\/strong>GR\u00c9CKOKATOL\u00cdCKA CIRKEV NA SLOVENSKU 1968 \u2013 2008<\/p>\n\n\n\n<hr class=\"wp-block-separator has-text-color has-background has-black-background-color has-black-color is-style-wide\"\/>\n\n\n\n<p><strong>Historick\u00fd n\u00e1\u010drt situ\u00e1cie a jednotliv\u00fdch udalosti v roku 1968&nbsp;<\/strong><\/p>\n\n\n\n<p><strong>Utrpenie <\/strong>Gr\u00e9ckokatol\u00edckej cirkvi v b\u00fdvalom \u010ceskoslovensku neostalo bez odmeny. T\u00e1 pri\u0161la v podobe obnovenia jej \u010dinnosti po dlh\u00fdch 18 \u2013 tich rokoch v roku 1968. Z pr\u00e1vneho h\u013eadiska v roku 1950 nebola Gr\u00e9ckokatol\u00edcka cirkev ofici\u00e1lne zru\u0161en\u00e1 a tak <strong>sa jednalo o znovu- povolenie jej \u010dinnosti<\/strong>, ktor\u00e9 bolo dosiahnut\u00e9 v r\u00e1mci obrodn\u00e9ho procesu, ktor\u00fd za\u010dal v roku 1968 v \u017eivote celej spolo\u010dnosti.\u00a0<\/p>\n\n\n\n<p>D\u00f4le\u017eit\u00fdm momentom sa stalo pam\u00e4tn\u00e9 stretnutie v Ko\u0161iciach <strong>10. apr\u00edla 1968 v Ko\u0161iciach<\/strong>. Uskuto\u010dnilo sa za \u00fa\u010dasti biskupa ThDr. Vasi\u013ea Hopka, 133 k\u0148azov zo 172 e\u0161te \u017eij\u00facich gr\u00e9ckokatol\u00edckych k\u0148azov a 64 laikov. Z tohto stretnutia bola prijat\u00e1 rezol\u00facia a boli zvolen\u00ed predstavitelia tzv. <em>Ak\u010dn\u00e9ho v\u00fdboru Gr\u00e9ckokatol\u00edckej cirkvi<\/em>, ktor\u00ed mali zastupova\u0165 cirkev pri jednaniach medzi predstavite\u013emi Gr\u00e9ckokatol\u00edckej a Pravosl\u00e1vnej cirkvi za \u00fa\u010dasti \u0161t\u00e1tu.&nbsp;<\/p>\n\n\n\n<p>V\u00fdsledkom t\u00fdchto mnoh\u00fdch aktiv\u00edt bolo prijatie <strong><em>Uznesenia vl\u00e1dy \u010d. 205 o povolen\u00ed gr\u00e9ckokatol\u00edckej cirkvi a Vl\u00e1dneho nariadenia \u010d. 70\/1968 Zb. o hospod\u00e1rskom zabezpe\u010den\u00ed gr\u00e9ckokatol\u00edckej cirkvi \u0161t\u00e1tom 13. j\u00fana 1968<\/em><\/strong>. Nasledovalo <strong>vymenovanie <\/strong>Mons. J\u00e1na Hirku za ordin\u00e1ra Gr\u00e9ckokatol\u00edckej cirkvi v \u010ceskoslovensku s pr\u00e1vami reziden\u010dn\u00e9ho biskupa a apo\u0161tolsk\u00e9ho administr\u00e1tora. Mons. ThDr. Vasi\u013e Hopko bol menovan\u00fd za sv\u00e4tiaceho biskupa.&nbsp;<\/p>\n\n\n\n<p>Dynamick\u00fd obrodn\u00fd proces v \u010ceskoslovensku bol ve\u013emi skomplikovan\u00fd vstupom vojsk Var\u0161avskej zmluvy na \u00fazemie na\u0161ej vlasti. Za\u010d\u00edna obdobie tzv. normaliz\u00e1cie, ktor\u00e9 obmedzovalo \u010dinnos\u0165 Gr\u00e9ckokatol\u00edckej cirkvi v rokoch 1970 \u2013 1990.&nbsp;<\/p>\n\n\n\n<p><strong>Obmedzenia:&nbsp;<\/strong><\/p>\n\n\n\n<p>Z\u00e1kaz obnovi\u0165 teologick\u00e9 \u0161t\u00fadia v Pre\u0161ove. Obmedzovan\u00fd po\u010det prijat\u00fdch kandid\u00e1tov na CMBF v Bratislave. Nenavr\u00e1tenie majetku Gr\u00e9ckokatol\u00edckej cirkvi \u2013 n\u00e1silne nariadenie \u0161t\u00e1tu o spolo\u010dnom u\u017e\u00edvan\u00ed chr\u00e1mov s Pravosl\u00e1vnou cirkvou.&nbsp;<\/p>\n\n\n\n<p><strong>Z\u00e1ver:&nbsp;<\/strong><\/p>\n\n\n\n<p><strong>Gr\u00e9ckokatol\u00edcka cirkev v \u010ceskoslovensku &#8211; jej \u010dinnos\u0165 bola s\u00edce povolen\u00e1, ale pr\u00edtomnos\u0165 iba trpen\u00e1.&nbsp;<\/strong><\/p>\n\n\n\n<p><strong>Zmena nastala a\u017e po roku 1990&nbsp;<\/strong><\/p>\n\n\n\n<p>Za\u010diatkom marca 1990 sa v Pre\u0161ove uskuto\u010dnila sch\u00f4dza gr\u00e9ckokatol\u00edckeho duchovenstva pod veden\u00edm biskupa J\u00e1na Hirku o aktu\u00e1lnych ot\u00e1zkach Gr\u00e9ckokatol\u00edckej cirkvi v \u010ceskoslovensku.&nbsp;<\/p>\n\n\n\n<p>Na z\u00e1klade tejto urgencie Predsedn\u00edctvo Slovenskej n\u00e1rodnej rady z 29. m\u00e1ja 1990 vydalo Z\u00e1konn\u00e9 opatrenie \u010d.211\/1990 o <strong>usporiadan\u00ed majetkov\u00fdch vz\u0165ahov <\/strong>medzi Gr\u00e9ckokatol\u00edckou a Pravosl\u00e1vnou cirkvou.&nbsp;<\/p>\n\n\n\n<p><strong>Sv\u00e4t\u00fd Otec J\u00e1n Pavol II. vymenoval Mons. J\u00e1na Hirku <\/strong>(1990) doteraj\u0161ieho ordin\u00e1ra, administr\u00e1tora Pre\u0161ovskej eparchie <strong>za s\u00eddeln\u00e9ho biskupa <\/strong>s p\u00f4sobnos\u0165ou pre cel\u00e9 \u010ceskoslovensko,\u00a0Z\u00e1konom \u010d. 163\/90 Z.z. zo d\u0148a 3. m\u00e1ja 1990 bola zriaden\u00e1 <strong>Gr\u00e9ckokatol\u00edcka bohosloveck\u00e1 fakulta <\/strong>a zaraden\u00e1 do zv\u00e4zku Univerzity Pavla Jozefa \u0160af\u00e1rika v Ko\u0161iciach. N\u00e1sledne 3. novembra 1990 bola sl\u00e1vnostne obnoven\u00e1 \u010dinnos\u0165 K\u0148azsk\u00e9ho semin\u00e1ra a Gr\u00e9ckokatol\u00edckej bohosloveckej fakulty.\u00a0<\/p>\n\n\n\n<p><strong>Menovanie Mons. Milana Chautura<\/strong>, CSsR (1992) za titul\u00e1rneho biskupa kresimensk\u00e9ho a pomocn\u00e9ho pre\u0161ovsk\u00e9ho biskupa.&nbsp;<\/p>\n\n\n\n<p><strong>Administrat\u00edvne delenia Pre\u0161ovskej eparchie&nbsp;<\/strong><\/p>\n\n\n\n<p>Z Pre\u0161ovskej eparchie bol postupne vy\u010dlenen\u00fd najprv <strong>Pra\u017esk\u00fd apo\u0161tolsk\u00fd exarch\u00e1t <\/strong>(15. marca 1996) a nesk\u00f4r aj <strong>Ko\u0161ick\u00fd apo\u0161tolsk\u00fd exarch\u00e1t <\/strong>(21. febru\u00e1ra 1997).&nbsp;<\/p>\n\n\n\n<p><strong>Posledn\u00e1 zmena:&nbsp;<\/strong><\/p>\n\n\n\n<p><strong>30. janu\u00e1r 2008 &#8211; Sv\u00e4t\u00fd Otec Benedikt XVI. zriadil Gr\u00e9ckokatol\u00edcku metropoliu sui iuris na Slovensku\u00a0so s\u00eddlom v Pre\u0161ove. Pre\u0161ovsk\u00e1 eparchia bola pov\u00fd\u0161en\u00e1 archieparchiu. Za prv\u00e9ho pre\u0161ovsk\u00e9ho arcibiskupa a metropolitu vymenoval Mons. J\u00e1na Babjaka SJ, doteraj\u0161ieho pre\u0161ovsk\u00e9ho eparchu.<\/strong><\/p>\n\n\n\n<p>Z\u00e1rove\u0148 v ten ist\u00fd de\u0148 pov\u00fd\u0161il Ko\u0161ick\u00fd apo\u0161tolsk\u00fd exarch\u00e1t na <strong>Ko\u0161ick\u00fa eparchiu <\/strong>a za prv\u00e9ho ko\u0161ick\u00e9ho eparchu vymenoval doteraj\u0161ieho ko\u0161ick\u00e9ho apo\u0161tolsk\u00e9ho exarchu Mons. Milana Chautura CSsR.<\/p>\n\n\n\n<p>A do tretice zriadil nov\u00fa <strong>Bratislavsk\u00fa eparchiu<\/strong>, vy\u010dlenen\u00edm z Pre\u0161ovskej eparchie a za jej prv\u00e9ho eparchu vymenoval Mons. Petra Rusn\u00e1ka.<\/p>\n\n\n\n<hr class=\"wp-block-separator is-style-wide\"\/>\n\n\n\n<p><strong>LITERAT\u00daRA:&nbsp;<\/strong><\/p>\n\n\n\n<p>CORANI\u010c, J.: <em>Z dej\u00edn Gr\u00e9ckokatol\u00edckej cirkvi na Slovensku. <\/em>\u010cesk\u00e9 Bud\u011bjovice: Sdru\u017een\u00ed sv. J\u00e1na Nepomuck\u00e9ho p\u0159i Biskupstv\u00ed \u010deskobud\u011bjovick\u00e9m, 2014.<\/p>\n\n\n\n<p>HIRKA, J.: <em>Pod ochranou M\u00e1rie. Pastier v slu\u017ebe cirkvi. <\/em>Pre\u0161ov: Gr\u00e9ckokatol\u00edcka teologick\u00e1 fakulta, Pre\u0161ovsk\u00e1 univerzita v Pre\u0161ove 2013.<\/p>\n\n\n\n<p>LIPT\u00c1K, R.: <em>Znovuzrodenie Gr\u00e9ckokatol\u00edckej cirkvi v roku 1968<\/em>. Pre\u0161ov: UNIVERSUM 2016.<\/p>\n\n\n\n<p>PE\u0160EK, J. \u2013 BARNOVSK\u00dd, M.: <em>V zovret\u00ed normaliz\u00e1cie<\/em>. Bratislava: VEDA Vydavate\u013estvo Slovenskej akad\u00e9mie vied 2004.<\/p>\n\n\n\n<p>SZ\u00c9KELY G. \u2013 MESARO\u0160, A.: <em>Gr\u00e9ckokatol\u00edci na Slovensku<\/em>. Ko\u0161ice: Slovo, a. s., 1997.<\/p>\n\n\n\n<p>\u0160TUR\u00c1K, P.: <em>Dejiny Gr\u00e9ckokatol\u00edckej cirkvi v \u010ceskoslovensku v rokoch 1945 \u2013 1989<\/em>. Pre\u0161ov: Petra n. o., 2008.<\/p>\n\n\n\n<p>\u0160TUR\u00c1K, P.: <em>Dejiny Gr\u00e9ckokatol\u00edckej cirkvi na Slovensku v rokoch 1945 \u2013 1989<\/em>. Pre\u0161ov: Petra, n. o., 2018.<\/p>\n\n\n\n<p>VNUK, F.: <em>Popusten\u00e9 put\u00e1<\/em>. Martin: Matica Slovensk\u00e1, 2001.<\/p>\n","protected":false},"excerpt":{"rendered":"<p>PERMANETN\u00c1 FORM\u00c1CIA ABSOLVENTOV TEOLOGICK\u00ddCH FAK\u00daLT&nbsp;Mons. prof. ThDr. Peter \u0160tur\u00e1k, PhD.&nbsp; T\u00c9MA V: GR\u00c9CKOKATOL\u00cdCKA CIRKEV NA SLOVENSKU 1968 \u2013 2008 Historick\u00fd n\u00e1\u010drt situ\u00e1cie a jednotliv\u00fdch udalosti v roku 1968&nbsp; Utrpenie Gr\u00e9ckokatol\u00edckej cirkvi v b\u00fdvalom \u010ceskoslovensku neostalo bez odmeny. T\u00e1 pri\u0161la v<\/p>\n","protected":false},"author":1,"featured_media":0,"comment_status":"closed","ping_status":"closed","sticky":false,"template":"","format":"standard","meta":{"footnotes":""},"categories":[3],"tags":[],"class_list":["post-584","post","type-post","status-publish","format-standard","hentry","category-sturak"],"uagb_featured_image_src":{"full":false,"thumbnail":false,"medium":false,"medium_large":false,"large":false,"1536x1536":false,"2048x2048":false,"featured-blog-large":false,"featured-blog-medium":false,"featured":false,"featured-blog-medium-small":false},"uagb_author_info":{"display_name":"RobertMacej","author_link":"http:\/\/permanentnaformacia.sk\/index.php\/author\/robertmacej\/"},"uagb_comment_info":0,"uagb_excerpt":"PERMANETN\u00c1 FORM\u00c1CIA ABSOLVENTOV TEOLOGICK\u00ddCH FAK\u00daLT&nbsp;Mons. prof. ThDr. Peter \u0160tur\u00e1k, PhD.&nbsp; T\u00c9MA V: GR\u00c9CKOKATOL\u00cdCKA CIRKEV NA SLOVENSKU 1968 \u2013 2008 Historick\u00fd n\u00e1\u010drt situ\u00e1cie a jednotliv\u00fdch udalosti v roku 1968&nbsp; Utrpenie Gr\u00e9ckokatol\u00edckej cirkvi v b\u00fdvalom \u010ceskoslovensku neostalo bez odmeny. T\u00e1 pri\u0161la v","_links":{"self":[{"href":"http:\/\/permanentnaformacia.sk\/index.php\/wp-json\/wp\/v2\/posts\/584","targetHints":{"allow":["GET"]}}],"collection":[{"href":"http:\/\/permanentnaformacia.sk\/index.php\/wp-json\/wp\/v2\/posts"}],"about":[{"href":"http:\/\/permanentnaformacia.sk\/index.php\/wp-json\/wp\/v2\/types\/post"}],"author":[{"embeddable":true,"href":"http:\/\/permanentnaformacia.sk\/index.php\/wp-json\/wp\/v2\/users\/1"}],"replies":[{"embeddable":true,"href":"http:\/\/permanentnaformacia.sk\/index.php\/wp-json\/wp\/v2\/comments?post=584"}],"version-history":[{"count":1,"href":"http:\/\/permanentnaformacia.sk\/index.php\/wp-json\/wp\/v2\/posts\/584\/revisions"}],"predecessor-version":[{"id":585,"href":"http:\/\/permanentnaformacia.sk\/index.php\/wp-json\/wp\/v2\/posts\/584\/revisions\/585"}],"wp:attachment":[{"href":"http:\/\/permanentnaformacia.sk\/index.php\/wp-json\/wp\/v2\/media?parent=584"}],"wp:term":[{"taxonomy":"category","embeddable":true,"href":"http:\/\/permanentnaformacia.sk\/index.php\/wp-json\/wp\/v2\/categories?post=584"},{"taxonomy":"post_tag","embeddable":true,"href":"http:\/\/permanentnaformacia.sk\/index.php\/wp-json\/wp\/v2\/tags?post=584"}],"curies":[{"name":"wp","href":"https:\/\/api.w.org\/{rel}","templated":true}]}}