{"id":525,"date":"2022-02-20T19:10:50","date_gmt":"2022-02-20T19:10:50","guid":{"rendered":"http:\/\/permanentnaformacia.sk\/?p=525"},"modified":"2022-02-20T19:10:51","modified_gmt":"2022-02-20T19:10:51","slug":"svedomie-ako-cesta-bozieho-volania-k-mravnosti","status":"publish","type":"post","link":"http:\/\/permanentnaformacia.sk\/index.php\/2022\/02\/20\/svedomie-ako-cesta-bozieho-volania-k-mravnosti\/","title":{"rendered":"SVEDOMIE AKO CESTA BO\u017dIEHO VOLANIA K MRAVNOSTI"},"content":{"rendered":"\n<div class=\"wp-block-image\"><figure class=\"alignright size-full\"><img loading=\"lazy\" decoding=\"async\" width=\"100\" height=\"99\" src=\"http:\/\/permanentnaformacia.sk\/wp-content\/uploads\/2021\/10\/LOGO_GTF_2021-kopia-1.jpg\" alt=\"\" class=\"wp-image-101\"\/><\/figure><\/div>\n\n\n\n<p><strong>PERMANETN\u00c1 FORM\u00c1CIA ABSOLVENTOV TEOLOGICK\u00ddCH FAK\u00daLT&nbsp;<\/strong><br>prof. ThDr. Marek Petro, PhD.&nbsp;<\/p>\n\n\n\n<p><strong>PREDMET: <\/strong>V\u0161eobecn\u00e1 mor\u00e1lna teol\u00f3gia \u2013 Svedomie&nbsp;<br><strong>T\u00c9MA II: <\/strong>SVEDOMIE AKO CESTA BO\u017dIEHO VOLANIA K MRAVNOSTI<\/p>\n\n\n\n<hr class=\"wp-block-separator has-text-color has-background has-black-background-color has-black-color is-style-wide\"\/>\n\n\n\n<p><strong>Sv\u00e4t\u00fd Otec Benedikt XVI.&nbsp;<\/strong><\/p>\n\n\n\n<p><strong><em>Chv\u00e1lore\u010d na svedomie&nbsp;<\/em><\/strong><\/p>\n\n\n\n<p>\u010co je to svedomie? Tich\u00fd hlas, ktor\u00fd n\u00e1m na\u0161epk\u00e1va \u010do je spr\u00e1vne a \u010do nie?&nbsp;<\/p>\n\n\n\n<p>Obmedzenie? \u010co je to vlastne svedomie?&nbsp;<\/p>\n\n\n\n<p><em>\u201eV hlbin\u00e1ch svedomia \u010dlovek odkr\u00fdva z\u00e1kon, ktor\u00fd si on s\u00e1m ned\u00e1va, ale je povinn\u00fd ho posl\u00facha\u0165. Jeho hlas ho neprestajne vyz\u00fdva, aby miloval a konal dobro a vyh\u00fdbal sa zlu; a ke\u010f treba, zaznieva mu v h\u013abke srdca: Toto rob, tamtoho sa varuj! \u010clovek m\u00e1 toti\u017e v srdci Bohom vp\u00edsan\u00fd z\u00e1kon a pr\u00e1ve v poslu\u0161nosti tomuto z\u00e1konu sa prejavuje jeho d\u00f4stojnos\u0165 a pod\u013ea neho bude aj s\u00faden\u00fd.17 Svedomie je najskrytej\u0161\u00edm jadrom a sv\u00e4ty\u0148ou \u010dloveka, kde je s\u00e1m s Bohom, ktor\u00e9ho hlas sa oz\u00fdva v jeho vn\u00fatri.18 Pomocou svedomia \u010dlovek obdivuhodn\u00fdm sp\u00f4sobom pozn\u00e1va z\u00e1kon, ktor\u00fd nach\u00e1dza svoje naplnenie v l\u00e1ske k Bohu a bl\u00ed\u017enemu.19 Vernos\u0165 svedomiu sp\u00e1ja kres\u0165anov s ostatn\u00fdmi \u013eu\u010fmi, aby h\u013eadali pravdu a pravdivo rie\u0161ili mnoh\u00e9 mravn\u00e9 probl\u00e9my vznikaj\u00face v \u017eivote jednotlivcov i v spolo\u010denskom \u017eivote. \u010c\u00edm viac teda prevl\u00e1da spr\u00e1vne svedomie, t\u00fdm viac sa jednotliv\u00e9 osoby a spolo\u010denstv\u00e1 vzd\u00e1vaj\u00fa slepej svojv\u00f4le a usiluj\u00fa sa riadi\u0165 objekt\u00edvnymi normami mravnosti. No nezriedka sa st\u00e1va, \u017ee svedomie sa z neprekonate\u013enej nevedomosti m\u00fdli bez toho, aby stratilo svoju d\u00f4stojnos\u0165. To v\u0161ak nemo\u017eno poveda\u0165 vtedy, ke\u010f sa \u010dlovek m\u00e1lo star\u00e1 o h\u013eadanie pravdy a dobra a ke\u010f hrie\u0161ne n\u00e1vyky svedomie postupne takmer zaslepia.\u201c<\/em><sup>1&nbsp;<\/sup><\/p>\n\n\n\n<p><sup>1 <\/sup><em>Pastor\u00e1lna kon\u0161tit\u00facia o Cirkvi v s\u00fa\u010dasnom svete GAUDIUM ET SPES <\/em>(16). In: https:\/\/www.kbs.sk\/obsah\/sekcia\/h\/dokumenty-a-vyhlasenia\/p\/druhy-vatikansky-koncil\/c\/gaudium-et-spes.&nbsp;<\/p>\n\n\n\n<p>Mnoh\u00fdm m\u00f4\u017ee svedomie pripada\u0165 ako obmedzovanie osobnej slobody. Najm\u00e4 v liber\u00e1lnej spolo\u010dnosti. Emeritn\u00fd p\u00e1pe\u017e Benedikt XVI. silnou argument\u00e1ciou zast\u00e1va jeho nevyhnutnos\u0165. Kniha Chv\u00e1lore\u010d na svedomie pripom\u00edna z\u00e1klady viery a nutnos\u0165 kres\u0165anov bojova\u0165 proti hrozb\u00e1m subjektivity a soci\u00e1lnemu tlaku. V tejto argument\u00e1cii emeritn\u00e9ho p\u00e1pe\u017ea Benedikta XVI. m\u00f4\u017eu h\u013eada\u0165 v\u00fdchodisk\u00e1 pre svoje b\u00e1dania i \u010fal\u0161\u00ed autori.&nbsp;<\/p>\n\n\n\n<p><strong>NA\u0160A \u00daLOHA:&nbsp;<\/strong><\/p>\n\n\n\n<p>Kritick\u00e9 sk\u00famanie fenom\u00e9nu \u00bbsvedomie\u00ab a jeho vedeck\u00e1 a praktick\u00e1 interpret\u00e1cia na z\u00e1klade n\u00e1uky Magist\u00e9ria cirkvi \u2013 v tom tkvie na\u0161a \u00faloha.&nbsp;<\/p>\n\n\n\n<hr class=\"wp-block-separator has-text-color has-background has-black-background-color has-black-color is-style-wide\"\/>\n\n\n\n<p><strong>LITERAT\u00daRA:&nbsp;<\/strong><\/p>\n\n\n\n<p>BENEDIKT XVI. _ RATZINGER, J.: <em>Chv\u00e1lore\u010d na svedomie. <\/em>Trnava: SSV, 2010.&nbsp;<\/p>\n\n\n\n<p>J\u00c1N PAVOL II.: <em>Encyklika VERITATIS SPLENDOR o z\u00e1kladn\u00fdch ot\u00e1zkach cirkevnej n\u00e1uky o mravnosti. <\/em>In: https:\/\/www.kbs.sk\/ obsah\/sekcia\/h\/dokumenty-a-vyhlasenia\/p\/dokumenty-papezov\/c\/veritatis-splendor.&nbsp;<\/p>\n\n\n\n<p>PETRO, M.: Mor\u00e1lne svedomie &#8211; In: <em>Sond\u00e1\u017e do etickej determin\u00e1cie \u010dloveka. <\/em>Pre\u0161ov: Vydavate\u013estvo Pre\u0161ovskej univerzity, 2017. s. 37 \u2013 69.&nbsp;<\/p>\n\n\n\n<p>PETRO, M.: Svedomie vo Sv\u00e4tom p\u00edsme a Druhom vatik\u00e1nskom koncile s akcentom na n\u00e1bo\u017eensk\u00fa slobodu. In: <em>Problematika svedomia &#8211; jej vedeck\u00e1 a praktick\u00e1 interpret\u00e1cia. <\/em>Pre\u0161ov: Gr\u00e9ckokatol\u00edcka teologick\u00e1 fakulta PU v Pre\u0161ove, 2014.&nbsp;<\/p>\n\n\n\n<p>s. 12 \u2013 35.&nbsp;<\/p>\n\n\n\n<p>PETRO, M. a kol.: <em>Problematika svedomia &#8211; jej vedeck\u00e1 a praktick\u00e1 interpret\u00e1cia. <\/em>Pre\u0161ov: Gr\u00e9ckokatol\u00edcka teologick\u00e1 fakulta PU v Pre\u0161ove, 2014.&nbsp;<\/p>\n\n\n\n<p>PETRO, M. (ed.): <em>Sond\u00e1\u017e do etickej determin\u00e1cie \u010dloveka.<\/em>1. vyd. Pre\u0161ov: Vydavate\u013estvo Pre\u0161ovskej univerzity, 2017.&nbsp;<\/p>\n","protected":false},"excerpt":{"rendered":"<p>PERMANETN\u00c1 FORM\u00c1CIA ABSOLVENTOV TEOLOGICK\u00ddCH FAK\u00daLT&nbsp;prof. ThDr. Marek Petro, PhD.&nbsp; PREDMET: V\u0161eobecn\u00e1 mor\u00e1lna teol\u00f3gia \u2013 Svedomie&nbsp;T\u00c9MA II: SVEDOMIE AKO CESTA BO\u017dIEHO VOLANIA K MRAVNOSTI Sv\u00e4t\u00fd Otec Benedikt XVI.&nbsp; Chv\u00e1lore\u010d na svedomie&nbsp; \u010co je to svedomie? Tich\u00fd hlas, ktor\u00fd n\u00e1m na\u0161epk\u00e1va \u010do<\/p>\n","protected":false},"author":1,"featured_media":0,"comment_status":"closed","ping_status":"closed","sticky":false,"template":"","format":"standard","meta":{"footnotes":""},"categories":[5],"tags":[],"class_list":["post-525","post","type-post","status-publish","format-standard","hentry","category-petro"],"uagb_featured_image_src":{"full":false,"thumbnail":false,"medium":false,"medium_large":false,"large":false,"1536x1536":false,"2048x2048":false,"featured-blog-large":false,"featured-blog-medium":false,"featured":false,"featured-blog-medium-small":false},"uagb_author_info":{"display_name":"RobertMacej","author_link":"http:\/\/permanentnaformacia.sk\/index.php\/author\/robertmacej\/"},"uagb_comment_info":0,"uagb_excerpt":"PERMANETN\u00c1 FORM\u00c1CIA ABSOLVENTOV TEOLOGICK\u00ddCH FAK\u00daLT&nbsp;prof. ThDr. Marek Petro, PhD.&nbsp; PREDMET: V\u0161eobecn\u00e1 mor\u00e1lna teol\u00f3gia \u2013 Svedomie&nbsp;T\u00c9MA II: SVEDOMIE AKO CESTA BO\u017dIEHO VOLANIA K MRAVNOSTI Sv\u00e4t\u00fd Otec Benedikt XVI.&nbsp; Chv\u00e1lore\u010d na svedomie&nbsp; \u010co je to svedomie? Tich\u00fd hlas, ktor\u00fd n\u00e1m na\u0161epk\u00e1va \u010do","_links":{"self":[{"href":"http:\/\/permanentnaformacia.sk\/index.php\/wp-json\/wp\/v2\/posts\/525","targetHints":{"allow":["GET"]}}],"collection":[{"href":"http:\/\/permanentnaformacia.sk\/index.php\/wp-json\/wp\/v2\/posts"}],"about":[{"href":"http:\/\/permanentnaformacia.sk\/index.php\/wp-json\/wp\/v2\/types\/post"}],"author":[{"embeddable":true,"href":"http:\/\/permanentnaformacia.sk\/index.php\/wp-json\/wp\/v2\/users\/1"}],"replies":[{"embeddable":true,"href":"http:\/\/permanentnaformacia.sk\/index.php\/wp-json\/wp\/v2\/comments?post=525"}],"version-history":[{"count":1,"href":"http:\/\/permanentnaformacia.sk\/index.php\/wp-json\/wp\/v2\/posts\/525\/revisions"}],"predecessor-version":[{"id":526,"href":"http:\/\/permanentnaformacia.sk\/index.php\/wp-json\/wp\/v2\/posts\/525\/revisions\/526"}],"wp:attachment":[{"href":"http:\/\/permanentnaformacia.sk\/index.php\/wp-json\/wp\/v2\/media?parent=525"}],"wp:term":[{"taxonomy":"category","embeddable":true,"href":"http:\/\/permanentnaformacia.sk\/index.php\/wp-json\/wp\/v2\/categories?post=525"},{"taxonomy":"post_tag","embeddable":true,"href":"http:\/\/permanentnaformacia.sk\/index.php\/wp-json\/wp\/v2\/tags?post=525"}],"curies":[{"name":"wp","href":"https:\/\/api.w.org\/{rel}","templated":true}]}}